{"id":848,"date":"2024-01-02T21:47:00","date_gmt":"2024-01-03T00:47:00","guid":{"rendered":"https:\/\/moblyus.com\/?p=848"},"modified":"2024-08-15T21:48:08","modified_gmt":"2024-08-16T00:48:08","slug":"apps-to-create-3d-avatar-in-real-time","status":"publish","type":"post","link":"https:\/\/moblyus.com\/hu\/aplicativos-para-criar-avatar-3d-em-tempo-real\/","title":{"rendered":"Alkalmaz\u00e1sok 3D Avatar val\u00f3s id\u0151ben t\u00f6rt\u00e9n\u0151 l\u00e9trehoz\u00e1s\u00e1hoz"},"content":{"rendered":"<p>Napjainkban a 3D-s avatarok a digit\u00e1lis kifejez\u00e9s n\u00e9pszer\u0171 form\u00e1iv\u00e1 v\u00e1ltak, legyen sz\u00f3 a k\u00f6z\u00f6ss\u00e9gi m\u00e9di\u00e1r\u00f3l, az online j\u00e1t\u00e9kokr\u00f3l vagy a t\u00e1voli munkaplatformokr\u00f3l. A szem\u00e9lyre szab\u00e1s ir\u00e1nti n\u00f6vekv\u0151 ig\u00e9ny \u00e9s a digit\u00e1lis identit\u00e1s ir\u00e1nti ig\u00e9ny miatt a 3D-s avatarok egyed\u00fcl\u00e1ll\u00f3 m\u00f3dot k\u00edn\u00e1lnak szem\u00e9lyis\u00e9g\u00e9nek a virtu\u00e1lis vil\u00e1gban val\u00f3 megjelen\u00edt\u00e9s\u00e9re. Tov\u00e1bb\u00e1 a technol\u00f3gia fejl\u0151d\u00e9s\u00e9vel lehet\u0151v\u00e9 v\u00e1lik ezeknek az avataroknak val\u00f3s id\u0151ben t\u00f6rt\u00e9n\u0151 l\u00e9trehoz\u00e1sa, ami lehet\u0151v\u00e9 teszi, hogy azonnal felhaszn\u00e1lhassa \u0151ket k\u00fcl\u00f6nf\u00e9le online interakci\u00f3kban.<\/p>\n\n\n\n<p>Ez\u00e9rt ebben a cikkben a 3D-s avatarok val\u00f3s idej\u0171 l\u00e9trehoz\u00e1s\u00e1ra szolg\u00e1l\u00f3 legjobb alkalmaz\u00e1sokb\u00f3l v\u00e1logathat, amelyek lehet\u0151v\u00e9 teszik, hogy kreat\u00edv \u00e9s dinamikus m\u00f3don fejezze ki mag\u00e1t. Ezek az alkalmaz\u00e1sok nem csak az avatar l\u00e9trehoz\u00e1s\u00e1t k\u00f6nny\u00edtik meg, hanem sz\u00e1mos testreszab\u00e1si lehet\u0151s\u00e9get is k\u00edn\u00e1lnak, hogy az pontosan \u00fagy n\u00e9zzen ki, mint \u00d6n vagy a k\u00f6zvet\u00edteni k\u00edv\u00e1nt szem\u00e9lyazonoss\u00e1g.<\/p>\n\n\n\n<h2 class=\"wp-block-heading\">Hogyan k\u00e9sz\u00edts\u00fcnk 3D-s avatarokat gyorsan \u00e9s egyszer\u0171en<\/h2>\n\n\n\n<p>Miel\u0151tt konkr\u00e9t alkalmaz\u00e1sokat bemutatn\u00e1nk, fontos meg\u00e9rteni, hogyan m\u0171k\u00f6dnek ezek az alkalmaz\u00e1sok, \u00e9s hogyan k\u00f6nny\u00edthetik meg a 3D-s avatarok val\u00f3s idej\u0171 l\u00e9trehoz\u00e1s\u00e1nak folyamat\u00e1t. El\u0151sz\u00f6r is, ezek az alkalmaz\u00e1sok intuit\u00edv kezel\u0151fel\u00fcletet k\u00edn\u00e1lnak, amely lehet\u0151v\u00e9 teszi az avatar minden r\u00e9szlet\u00e9nek testreszab\u00e1s\u00e1t, az arc alakj\u00e1t\u00f3l a ruh\u00e1kig \u00e9s kieg\u00e9sz\u00edt\u0151kig. Ezen t\u00falmen\u0151en ezen alkalmaz\u00e1sok k\u00f6z\u00fcl sok olyan fejlett technol\u00f3gi\u00e1kat haszn\u00e1l, mint p\u00e9ld\u00e1ul az arcfelismer\u00e9s \u00e9s a mesters\u00e9ges intelligencia, hogy val\u00f3s id\u0151ben mozg\u00f3 \u00e9s interakci\u00f3ba l\u00e9p\u0151 avatarokat hozzanak l\u00e9tre.<\/p>\n\n\n\n<p>Most, hogy m\u00e1r van \u00f6tlete ezeknek az alkalmaz\u00e1soknak a m\u0171k\u00f6d\u00e9s\u00e9r\u0151l, n\u00e9zz\u00fcnk meg \u00f6t lehet\u0151s\u00e9get, amelyek seg\u00edts\u00e9g\u00e9vel leny\u0171g\u00f6z\u0151 3D-s avatarokat hozhat l\u00e9tre val\u00f3s id\u0151ben.<\/p>\n\n\n\n<h3 class=\"wp-block-heading\">1. ZEPETO<\/h3>\n\n\n\n<p>A ZEPETO az egyik legn\u00e9pszer\u0171bb alkalmaz\u00e1s a 3D-s avatarok val\u00f3s idej\u0171 l\u00e9trehoz\u00e1s\u00e1hoz. Lehet\u0151v\u00e9 teszi avatarod minden r\u00e9szlet\u00e9nek testreszab\u00e1s\u00e1t, az arcvon\u00e1sokt\u00f3l a ruh\u00e1kig \u00e9s kieg\u00e9sz\u00edt\u0151kig. A ZEPETO seg\u00edts\u00e9g\u00e9vel olyan avat\u00e1rt hozhat l\u00e9tre, amely pontosan \u00fagy n\u00e9z ki, mint \u00d6n, vagy k\u00eds\u00e9rletezhet k\u00fcl\u00f6nb\u00f6z\u0151 st\u00edlusokkal \u00faj digit\u00e1lis identit\u00e1s l\u00e9trehoz\u00e1s\u00e1hoz.<\/p>\n\n\n\n<p>A ZEPETO egyik f\u0151 jellemz\u0151je az akt\u00edv k\u00f6z\u00f6ss\u00e9g, ahol interakci\u00f3ba l\u00e9phet m\u00e1s felhaszn\u00e1l\u00f3kkal, r\u00e9szt vehet a j\u00e1t\u00e9kokban, \u00e9s ak\u00e1r vide\u00f3kat is k\u00e9sz\u00edthet az avataroddal. Ezenk\u00edv\u00fcl az alkalmaz\u00e1s arcfelismer\u0151 technol\u00f3gi\u00e1t haszn\u00e1l, hogy val\u00f3s id\u0151ben r\u00f6gz\u00edtse az arckifejez\u00e9seit, \u00edgy az avat\u00e1r term\u00e9szetesen mozog \u00e9s reag\u00e1l.<\/p>\n\n\n\n<h3 class=\"wp-block-heading\">2. Ready Player Me<\/h3>\n\n\n\n<p>A Ready Player Me egy olyan platform, amely lehet\u0151v\u00e9 teszi, hogy rendk\u00edv\u00fcl szem\u00e9lyre szabott 3D-s avatarokat hozzon l\u00e9tre, amelyeket k\u00fcl\u00f6nf\u00e9le virtu\u00e1lis \u00e9s kiterjesztett val\u00f3s\u00e1g platformokon \u00e9s alkalmaz\u00e1sokon haszn\u00e1lhat. Egy egyszer\u0171 kezel\u0151fel\u00fclettel percek alatt l\u00e9trehozhat egy avatart, t\u00f6bbf\u00e9le testreszab\u00e1si lehet\u0151s\u00e9g k\u00f6z\u00fcl v\u00e1laszthat, mint p\u00e9ld\u00e1ul frizur\u00e1k, ruh\u00e1k \u00e9s kieg\u00e9sz\u00edt\u0151k.<\/p>\n\n\n\n<p>Ezenk\u00edv\u00fcl a Ready Player Me t\u00f6bb virtu\u00e1lis val\u00f3s\u00e1g j\u00e1t\u00e9kkal \u00e9s alkalmaz\u00e1ssal is kompatibilis, lehet\u0151v\u00e9 t\u00e9ve, hogy ugyanazt az avat\u00e1rt k\u00fcl\u00f6nb\u00f6z\u0151 digit\u00e1lis k\u00f6rnyezetekben is haszn\u00e1lhasd. Tov\u00e1bbi el\u0151nye, hogy az avatar mozg\u00e1s\u00e1t val\u00f3s id\u0151ben szinkroniz\u00e1lhatja saj\u00e1t mozdulataival, \u00edgy mag\u00e1val ragad\u00f3 \u00e9s interakt\u00edv \u00e9lm\u00e9nyt hozhat l\u00e9tre.<\/p>\n\n\n\n<h3 class=\"wp-block-heading\">3. FaceRig<\/h3>\n\n\n\n<p>A FaceRig egy hat\u00e9kony eszk\u00f6z, amely lehet\u0151v\u00e9 teszi, hogy az arc\u00e1t val\u00f3s id\u0151ben 3D-s avatarl\u00e1 alak\u00edtsa. A FaceRig seg\u00edts\u00e9g\u00e9vel k\u00fcl\u00f6nf\u00e9le avatarmodellek k\u00f6z\u00fcl v\u00e1laszthat, az emberi karakterekt\u0151l a fantasztikus l\u00e9nyekig, \u00e9s l\u00e1thatja, hogy az arcmozg\u00e1sait pontosan reproduk\u00e1lja az avatar.<\/p>\n\n\n\n<p>Ezenk\u00edv\u00fcl a FaceRig-et sz\u00e9les k\u00f6rben haszn\u00e1lj\u00e1k a tartalomk\u00e9sz\u00edt\u0151k \u00e9s a streamerek, mivel lehet\u0151v\u00e9 teszi, hogy hozz\u00e1adja avatarod a vide\u00f3khoz \u00e9s az \u00e9l\u0151 k\u00f6zvet\u00edt\u00e9sekhez. Az alkalmaz\u00e1s speci\u00e1lis testreszab\u00e1si lehet\u0151s\u00e9geket is k\u00edn\u00e1l, p\u00e9ld\u00e1ul a vil\u00e1g\u00edt\u00e1s \u00e9s a h\u00e1tterek be\u00e1ll\u00edt\u00e1s\u00e1t, \u00edgy egyedi \u00e9s vonz\u00f3 avatarokat hozhat l\u00e9tre.<\/p>\n\n\n\n<h3 class=\"wp-block-heading\">4. IMVU<\/h3>\n\n\n\n<p>Az IMVU egy k\u00f6z\u00f6ss\u00e9gi platform, amely a 3D-s avatarok l\u00e9trehoz\u00e1s\u00e1t interakt\u00edv virtu\u00e1lis k\u00f6rnyezettel kombin\u00e1lja. Az IMVU seg\u00edts\u00e9g\u00e9vel rendk\u00edv\u00fcl r\u00e9szletes avat\u00e1rt hozhat l\u00e9tre, \u00e9s felfedezhet egy virtu\u00e1lis vil\u00e1got, ahol kapcsolatba l\u00e9phet m\u00e1s felhaszn\u00e1l\u00f3kkal, r\u00e9szt vehet esem\u00e9nyeken, \u00e9s ak\u00e1r saj\u00e1t teret is \u00e9p\u00edthet.<\/p>\n\n\n\n<p>Az IMVU egyik f\u0151 el\u0151nye a testreszabhat\u00f3 t\u00e9telek hatalmas k\u00f6nyvt\u00e1ra, amely ruh\u00e1kat, kieg\u00e9sz\u00edt\u0151ket, b\u00fatorokat \u00e9s egyebeket tartalmaz. Ezenk\u00edv\u00fcl az IMVU lehet\u0151v\u00e9 teszi, hogy val\u00f3s id\u0151ben vegyen r\u00e9szt chatekben \u00e9s esem\u00e9nyekben, \u00e9s haszn\u00e1lja 3D-s avatarodj\u00e1t digit\u00e1lis \u00e1br\u00e1zol\u00e1sk\u00e9nt.<\/p>\n\n\n\n<h3 class=\"wp-block-heading\">5. VRoid St\u00fadi\u00f3<\/h3>\n\n\n\n<p>A VRoid Studio egy olyan eszk\u00f6z, amelynek c\u00e9lja a 3D-s karakterek val\u00f3s idej\u0171 l\u00e9trehoz\u00e1sa, k\u00fcl\u00f6n\u00f6sen n\u00e9pszer\u0171 azon m\u0171v\u00e9szek \u00e9s tervez\u0151k k\u00f6r\u00e9ben, akik anim\u00e1ci\u00f3khoz \u00e9s j\u00e1t\u00e9kokhoz szeretn\u00e9nek avatarokat k\u00e9sz\u00edteni. A VRoid Studio seg\u00edts\u00e9g\u00e9vel intuit\u00edv \u00e9s prec\u00edz eszk\u00f6z\u00f6kkel szem\u00e9lyre szabhatja avatarod minden aspektus\u00e1t, az arcr\u00e9szletekt\u0151l a ruh\u00e1zatig \u00e9s a hajig.<\/p>\n\n\n\n<p>Ezenk\u00edv\u00fcl a VRoid Studio lehet\u0151v\u00e9 teszi az avatarok export\u00e1l\u00e1s\u00e1t m\u00e1s alkot\u00e1si \u00e9s j\u00e1t\u00e9kplatformokra, megk\u00f6nny\u00edtve az integr\u00e1ci\u00f3t m\u00e1s projektekkel. Az alkalmaz\u00e1s lehet\u0151s\u00e9get k\u00edn\u00e1l az avatar val\u00f3s idej\u0171 megtekint\u00e9s\u00e9re, a mozg\u00e1sok \u00e9s kifejez\u00e9sek be\u00e1ll\u00edt\u00e1s\u00e1ra az \u00d6n preferenci\u00e1i szerint.<\/p>\n\n\n\n<h2 class=\"wp-block-heading\">Ezen alkalmaz\u00e1sok tov\u00e1bbi funkci\u00f3i<\/h2>\n\n\n\n<p>Amellett, hogy lehet\u0151v\u00e9 teszik a 3D-s avatarok val\u00f3s idej\u0171 l\u00e9trehoz\u00e1s\u00e1t, sok ilyen alkalmaz\u00e1s tov\u00e1bbi funkci\u00f3kat is k\u00edn\u00e1l, amelyek tov\u00e1bb gazdag\u00edthatj\u00e1k a felhaszn\u00e1l\u00f3i \u00e9lm\u00e9nyt. P\u00e9ld\u00e1ul a legt\u00f6bb alkalmaz\u00e1s lehet\u0151v\u00e9 teszi az avatar r\u00e9szletes testreszab\u00e1s\u00e1t, bele\u00e9rtve a ruh\u00e1zati opci\u00f3kat, kieg\u00e9sz\u00edt\u0151ket \u00e9s m\u00e9g azokat a forgat\u00f3k\u00f6nyveket is, ahol az avatar elhelyezhet\u0151. Ez lehet\u0151v\u00e9 teszi, hogy egyedi digit\u00e1lis identit\u00e1st hozzon l\u00e9tre, amely teljesen illeszkedik szem\u00e9lyes st\u00edlus\u00e1hoz.<\/p>\n\n\n\n<p>Egy m\u00e1sik fontos funkci\u00f3 a m\u00e1s platformokkal val\u00f3 integr\u00e1ci\u00f3, amely lehet\u0151v\u00e9 teszi az avatar haszn\u00e1lat\u00e1t k\u00fcl\u00f6nb\u00f6z\u0151 digit\u00e1lis k\u00f6rnyezetekben, p\u00e9ld\u00e1ul k\u00f6z\u00f6ss\u00e9gi h\u00e1l\u00f3zatokon, online j\u00e1t\u00e9kokon \u00e9s virtu\u00e1lis val\u00f3s\u00e1g platformokon. Ezenk\u00edv\u00fcl egyes alkalmaz\u00e1sok lehet\u0151s\u00e9get k\u00edn\u00e1lnak a megoszt\u00e1sra \u00e9s a val\u00f3s idej\u0171 interakci\u00f3ra m\u00e1s felhaszn\u00e1l\u00f3kkal, k\u00f6z\u00f6ss\u00e9get hozva ezzel a 3D-s avatarok k\u00f6r\u00e9.<\/p>\n\n\n\n<h3 class=\"wp-block-heading\">GYIK \u2013 Gyakran Ism\u00e9telt K\u00e9rd\u00e9sek<\/h3>\n\n\n\n<p><strong>1. Ezek az alkalmaz\u00e1sok ingyenesek?<\/strong><\/p>\n\n\n\n<p>A legt\u00f6bb eml\u00edtett alkalmaz\u00e1s ingyenes verzi\u00f3t k\u00edn\u00e1l alapvet\u0151 funkci\u00f3kkal. A fejlettebb funkci\u00f3k vagy tov\u00e1bbi testreszab\u00e1si lehet\u0151s\u00e9gek el\u00e9r\u00e9s\u00e9hez azonban el\u0151fordulhat, hogy meg kell v\u00e1s\u00e1rolnia a pr\u00e9mium verzi\u00f3t.<\/p>\n\n\n\n<p><strong>2. Sz\u00fcks\u00e9gem van egy adott eszk\u00f6zre az alkalmaz\u00e1sok haszn\u00e1lat\u00e1hoz?<\/strong><\/p>\n\n\n\n<p>Ezen alkalmaz\u00e1sok t\u00f6bbs\u00e9ge el\u00e9rhet\u0151 mobileszk\u00f6z\u00f6k\u00f6n (Android \u00e9s iOS), valamint asztali sz\u00e1m\u00edt\u00f3g\u00e9peken. Egyesek, p\u00e9ld\u00e1ul a VRoid Studio, a hat\u00e9kony m\u0171k\u00f6d\u00e9shez minim\u00e1lis specifik\u00e1ci\u00f3kkal rendelkez\u0151 sz\u00e1m\u00edt\u00f3g\u00e9pet ig\u00e9nyelhetnek.<\/p>\n\n\n\n<p><strong>3. Haszn\u00e1lhat\u00f3k ezek az avatarok b\u00e1rmilyen platformon?<\/strong><\/p>\n\n\n\n<p>Egyes alkalmaz\u00e1sok, p\u00e9ld\u00e1ul a Ready Player Me, t\u00f6bb platformmal is kompatibilisek, bele\u00e9rtve a j\u00e1t\u00e9kokat \u00e9s a virtu\u00e1lis val\u00f3s\u00e1g k\u00f6rnyezeteit. Mindazon\u00e1ltal mindig j\u00f3 \u00f6tlet ellen\u0151rizni, hogy az avatarod kompatibilis-e azzal a platformmal, amelyen haszn\u00e1lni szeretn\u00e9d.<\/p>\n\n\n\n<p><strong>4. Haszn\u00e1lhatom ezeket az avatarokat \u00e9l\u0151 ad\u00e1sokban?<\/strong><\/p>\n\n\n\n<p>Igen, az olyan alkalmaz\u00e1sokat, mint a FaceRig, sz\u00e9les k\u00f6rben haszn\u00e1lj\u00e1k \u00e9l\u0151 k\u00f6zvet\u00edt\u00e9sre, lehet\u0151v\u00e9 t\u00e9ve, hogy val\u00f3s id\u0151ben lecser\u00e9lje val\u00f3di k\u00e9p\u00e9t a 3D avat\u00e1rra.<\/p>\n\n\n\n<p><strong>5. Testreszabhat\u00f3 az avatar minden aspektusa?<\/strong><\/p>\n\n\n\n<p>Igen, az \u00f6sszes eml\u00edtett alkalmaz\u00e1s sz\u00e1mos testreszab\u00e1si lehet\u0151s\u00e9get k\u00edn\u00e1l, amelyek lehet\u0151v\u00e9 teszik az avatar minden r\u00e9szlet\u00e9nek be\u00e1ll\u00edt\u00e1s\u00e1t, a funkci\u00f3kt\u00f3l a ruh\u00e1kig \u00e9s kieg\u00e9sz\u00edt\u0151kig.<\/p>\n\n\n\n<h2 class=\"wp-block-heading\">K\u00f6vetkeztet\u00e9s<\/h2>\n\n\n\n<p>R\u00f6viden, a 3D-s avatarok val\u00f3s idej\u0171 l\u00e9trehoz\u00e1s\u00e1ra szolg\u00e1l\u00f3 alkalmaz\u00e1sok innovat\u00edv m\u00f3dot k\u00edn\u00e1lnak arra, hogy kifejezze mag\u00e1t a digit\u00e1lis vil\u00e1gban. A k\u00fcl\u00f6nf\u00e9le testreszab\u00e1si lehet\u0151s\u00e9gek \u00e9s a k\u00fcl\u00f6nb\u00f6z\u0151 platformokkal val\u00f3 integr\u00e1ci\u00f3 r\u00e9v\u00e9n ezek az alkalmaz\u00e1sok lehet\u0151v\u00e9 teszik egy egyedi avat\u00e1r l\u00e9trehoz\u00e1s\u00e1t, amely h\u0171en k\u00e9pviseli digit\u00e1lis identit\u00e1s\u00e1t. Ak\u00e1r k\u00f6z\u00f6ss\u00e9gi m\u00e9di\u00e1ban, ak\u00e1r j\u00e1t\u00e9kban, ak\u00e1r \u00e9l\u0151 k\u00f6zvet\u00edt\u00e9sben haszn\u00e1ljuk, ezek a 3D-s avatarok interakt\u00edv \u00e9s mag\u00e1val ragad\u00f3 \u00e9lm\u00e9nyt ny\u00fajtanak, \u00e9s teljesen \u00faj m\u00f3don kapcsolj\u00e1k \u00f6ssze a virtu\u00e1lis vil\u00e1ggal.<\/p>","protected":false},"excerpt":{"rendered":"<p>Nos dias de hoje, os avatares 3D se tornaram uma forma popular de express\u00e3o digital, seja em redes sociais, jogos online ou plataformas de trabalho remoto. Com a crescente demanda por personaliza\u00e7\u00e3o e a necessidade de uma identidade digital, os avatares 3D oferecem uma maneira \u00fanica de representar sua personalidade no mundo virtual. Al\u00e9m disso, &#8230; <a title=\"Alkalmaz\u00e1sok 3D Avatar val\u00f3s id\u0151ben t\u00f6rt\u00e9n\u0151 l\u00e9trehoz\u00e1s\u00e1hoz\" class=\"read-more\" href=\"https:\/\/moblyus.com\/hu\/aplicativos-para-criar-avatar-3d-em-tempo-real\/\" aria-label=\"Read more about Aplicativos para criar Avatar 3D em tempo real\">b\u0151vebben<\/a><\/p>","protected":false},"author":1,"featured_media":849,"comment_status":"open","ping_status":"open","sticky":false,"template":"","format":"standard","meta":{"footnotes":""},"categories":[36],"tags":[],"class_list":["post-848","post","type-post","status-publish","format-standard","has-post-thumbnail","hentry","category-aplicativos"],"_links":{"self":[{"href":"https:\/\/moblyus.com\/hu\/wp-json\/wp\/v2\/posts\/848","targetHints":{"allow":["GET"]}}],"collection":[{"href":"https:\/\/moblyus.com\/hu\/wp-json\/wp\/v2\/posts"}],"about":[{"href":"https:\/\/moblyus.com\/hu\/wp-json\/wp\/v2\/types\/post"}],"author":[{"embeddable":true,"href":"https:\/\/moblyus.com\/hu\/wp-json\/wp\/v2\/users\/1"}],"replies":[{"embeddable":true,"href":"https:\/\/moblyus.com\/hu\/wp-json\/wp\/v2\/comments?post=848"}],"version-history":[{"count":1,"href":"https:\/\/moblyus.com\/hu\/wp-json\/wp\/v2\/posts\/848\/revisions"}],"predecessor-version":[{"id":850,"href":"https:\/\/moblyus.com\/hu\/wp-json\/wp\/v2\/posts\/848\/revisions\/850"}],"wp:featuredmedia":[{"embeddable":true,"href":"https:\/\/moblyus.com\/hu\/wp-json\/wp\/v2\/media\/849"}],"wp:attachment":[{"href":"https:\/\/moblyus.com\/hu\/wp-json\/wp\/v2\/media?parent=848"}],"wp:term":[{"taxonomy":"category","embeddable":true,"href":"https:\/\/moblyus.com\/hu\/wp-json\/wp\/v2\/categories?post=848"},{"taxonomy":"post_tag","embeddable":true,"href":"https:\/\/moblyus.com\/hu\/wp-json\/wp\/v2\/tags?post=848"}],"curies":[{"name":"munkaf\u00fczet","href":"https:\/\/api.w.org\/{rel}","templated":true}]}}