{"id":450,"date":"2024-03-06T06:44:29","date_gmt":"2024-03-06T09:44:29","guid":{"rendered":"https:\/\/www.appnarede.com\/?p=450"},"modified":"2024-10-02T02:07:42","modified_gmt":"2024-10-02T05:07:42","slug":"10-gyakorlat-amelyet-koran-reggel-kell-elvegezni-es-jol-kezdje-a-napot","status":"publish","type":"post","link":"https:\/\/moblyus.com\/hu\/10-exercicios-para-fazer-de-manha-cedo-e-comecar-bem-o-dia\/","title":{"rendered":"10 gyakorlat, amit \u00e9rdemes kora reggel elv\u00e9gezni, \u00e9s helyesen kezdeni a napot"},"content":{"rendered":"<p>A nap energikus kezd\u00e9se elengedhetetlen a produkt\u00edv \u00e9s kiegyens\u00falyozott rutin fenntart\u00e1s\u00e1hoz. Ennek pedig az egyik legjobb m\u00f3dja az \u00e1thalad\u00e1s <strong>reggeli gyakorlatok az energi\u00e1\u00e9rt<\/strong>, amelyek fel\u00e9bresztik a testet \u00e9s a lelket, valamint seg\u00edtik a testi \u00e9s lelki eg\u00e9szs\u00e9get. Sokan besz\u00e1molnak err\u0151l, amikor gyakorolnak <strong>egyszer\u0171 gyakorlatok reggel<\/strong>, a nap folyam\u00e1n jelent\u0151s javul\u00e1st \u00e9reznek a hangulatukban, amellett, hogy felk\u00e9sz\u00fcltebbek a napi kih\u00edv\u00e1sokra.<\/p>\n\n\n\n<p>Ak\u00e1r kezd\u0151 vagy, ak\u00e1r olyan, akinek m\u00e1r van edz\u00e9si rutinja, sz\u00e1mos ilyen l\u00e9tezik <strong>a reggeli torna el\u0151nyei<\/strong>. N\u00f6velik az energiaszintet, jav\u00edtj\u00e1k a hangulatot \u00e9s el\u0151seg\u00edtik az eg\u00e9sz napos j\u00f3 k\u00f6z\u00e9rzetet. Tov\u00e1bb\u00e1 a <strong>legjobb gyakorlatok a nap ind\u00edt\u00e1s\u00e1hoz<\/strong> otthon is elv\u00e9gezhet\u0151, komplex felszerel\u00e9s n\u00e9lk\u00fcl, ami mindenki sz\u00e1m\u00e1ra el\u00e9rhet\u0151v\u00e9 teszi a gyakorlatot.<\/p>\n\n\n\n<h2 class=\"wp-block-heading\">A reggeli gyakorlatok fontoss\u00e1ga<\/h2>\n\n\n\n<p>Te <strong>reggeli gyakorlatok az energi\u00e1\u00e9rt<\/strong> n\u00e9lk\u00fcl\u00f6zhetetlen azok sz\u00e1m\u00e1ra, akik szeretn\u00e9k jav\u00edtani a hangulatukat, \u00e9s jobb l\u00e1bbal kezdeni a napot. \u00c9bred\u00e9skor a test ellazul egy alv\u00e1si id\u0151szak ut\u00e1n, \u00e9s ingerekre van sz\u00fcks\u00e9ge az izmok \u00e9s a v\u00e9rkering\u00e9s aktiv\u00e1l\u00e1s\u00e1hoz. Ez\u00e9rt t\u00f6bbek k\u00f6z\u00f6tt a <strong>reggeli edz\u00e9s rutin<\/strong> az \u00e9letedben sz\u00e1mtalan el\u0151nnyel j\u00e1r, az anyagcsere felgyors\u00edt\u00e1s\u00e1t\u00f3l a stressz \u00e9s a szorong\u00e1s cs\u00f6kkent\u00e9s\u00e9ig.<\/p>\n\n\n\n<p>R\u00e1ad\u00e1sul cselekv\u00e9ssel <strong>egyszer\u0171 gyakorlatok reggel<\/strong>, seg\u00edt szab\u00e1lyozni cirkadi\u00e1n ritmus\u00e1t, ami jav\u00edthatja az alv\u00e1s min\u0151s\u00e9g\u00e9t. Sokan, akik ezt a reggeli gyakorlatot alkalmazz\u00e1k, arr\u00f3l sz\u00e1molnak be, hogy a nap folyam\u00e1n \u00e9berebbnek, koncentr\u00e1ltabbnak \u00e9s energikusabbnak \u00e9rzik magukat. Sz\u00f3val ezek <strong>reggeli edz\u00e9s tippek<\/strong> a legforgalmasabb h\u00e9tk\u00f6znapokba is be\u00e9p\u00edthet\u0151.<\/p>\n\n\n\n<h2 class=\"wp-block-heading\">Alkalmaz\u00e1sok, amelyek seg\u00edtik a reggeli edz\u00e9st<\/h2>\n\n\n\n<p>Napjainkban a technol\u00f3gia nagy sz\u00f6vets\u00e9gese lehet a karbantart\u00e1sban <strong>reggeli edz\u00e9s rutin<\/strong> hat\u00e9konyan. Alkalmaz\u00e1sok seg\u00edts\u00e9g\u00e9vel megtervezheti \u00e9s v\u00e9grehajthatja a <strong>legjobb gyakorlatok a nap ind\u00edt\u00e1s\u00e1hoz<\/strong>, ak\u00e1r otthonr\u00f3l sem indulva. Az al\u00e1bbiakban felsorolunk \u00f6t olyan alkalmaz\u00e1st, amelyek seg\u00edtenek eg\u00e9szs\u00e9ges \u00e9s praktikus rutin kialak\u00edt\u00e1s\u00e1ban.<\/p>\n\n\n\n<h3 class=\"wp-block-heading\">1. <strong>Nike Training Club<\/strong><\/h3>\n\n\n\n<p>O <strong>Nike Training Club<\/strong> az egyik legn\u00e9pszer\u0171bb alkalmaz\u00e1s azok sz\u00e1m\u00e1ra, akik keresnek <strong>reggeli edz\u00e9s kezd\u0151knek<\/strong> \u00e9s a halad\u00f3bbaknak is. Gyakorlatok sz\u00e9les v\u00e1laszt\u00e9k\u00e1t k\u00edn\u00e1lja, amelyek k\u00fcl\u00f6nb\u00f6z\u0151 neh\u00e9zs\u00e9gi szinten \u00e9s k\u00fcl\u00f6nb\u00f6z\u0151 id\u0151pontokban hajthat\u00f3k v\u00e9gre. Az alkalmaz\u00e1s olyan edz\u00e9seket tartalmaz, amelyek seg\u00edtenek reggelente a hangulat jav\u00edt\u00e1s\u00e1ban, a mobilit\u00e1sra, az er\u0151re \u00e9s a rugalmass\u00e1gra \u00f6sszpontos\u00edtva.<\/p>\n\n\n\n<p>Tov\u00e1bb\u00e1 a <strong>Nike Training Club<\/strong> nagyszer\u0171 eszk\u00f6z azok sz\u00e1m\u00e1ra, akik <strong>egyszer\u0171 gyakorlatok reggel<\/strong>, hiszen olyan r\u00f6vid edz\u00e9seket k\u00edn\u00e1l, amelyek k\u00f6nnyed\u00e9n beleilleszthet\u0151k egy mozgalmas reggelbe. Az intuit\u00edv kezel\u0151fel\u00fclet \u00e9s a magyar\u00e1z\u00f3 vide\u00f3k kiv\u00e1l\u00f3 v\u00e1laszt\u00e1si lehet\u0151s\u00e9get k\u00edn\u00e1lnak azok sz\u00e1m\u00e1ra, akik egys\u00e9ges edz\u00e9si rutint szeretn\u00e9nek tartani.<\/p>\n\n\n\n<h3 class=\"wp-block-heading\">2. <strong>Freeletics<\/strong><\/h3>\n\n\n\n<p>Ha keres <strong>gyors gyakorlatok mozgalmas reggelekre<\/strong>, a <strong>Freeletics<\/strong> az ide\u00e1lis alkalmaz\u00e1s. Nagy intenzit\u00e1s\u00fa edz\u00e9seket k\u00edn\u00e1l, amelyeket otthon is v\u00e9gezhet, felszerel\u00e9s n\u00e9lk\u00fcl. Az alkalmaz\u00e1s f\u0151 hangs\u00falya a funkcion\u00e1lis edz\u00e9sen van, ami azt jelenti, hogy saj\u00e1t tests\u00fallyal fogsz dolgozni olyan gyakorlatok sor\u00e1n, mint a fekv\u0151t\u00e1maszok, guggol\u00e1sok \u00e9s fel\u00fcl\u00e9sek.<\/p>\n\n\n\n<p>O <strong>Freeletics<\/strong> T\u00f6k\u00e9letes azok sz\u00e1m\u00e1ra is, akik kor\u00e1n szeretn\u00e9nek jav\u00edtani fizikai \u00e9s szellemi teljes\u00edtm\u00e9ny\u00fck\u00f6n. Az edz\u00e9sek 10 \u00e9s 30 perc k\u00f6z\u00f6tti id\u0151tartamra \u00e1ll\u00edthat\u00f3k be, ide\u00e1lis azok sz\u00e1m\u00e1ra, akik elfoglalt rutinnal rendelkeznek. Kiv\u00e1l\u00f3 alkalmaz\u00e1s azok sz\u00e1m\u00e1ra, akik szeretn\u00e9nek be\u00e9p\u00edteni <strong>reggeli gyakorlatok az energi\u00e1\u00e9rt<\/strong> a napi rutinodban.<\/p>\n\n\n\n<h3 class=\"wp-block-heading\">3. <strong>7 perces edz\u00e9s<\/strong><\/h3>\n\n\n\n<p>Azok sz\u00e1m\u00e1ra, akik szeretn\u00e9k optimaliz\u00e1lni az id\u0151t \u00e9s m\u00e9g mindig garant\u00e1lni a <strong>a reggeli torna el\u0151nyei<\/strong>, a <strong>7 perces edz\u00e9s<\/strong> gyors, de rendk\u00edv\u00fcl hat\u00e9kony edz\u00e9seket k\u00edn\u00e1l. Ezzel az alkalmaz\u00e1ssal 7 perces intenz\u00edv gyakorlatokat v\u00e9gezhet, r\u00f6vid id\u0151n bel\u00fcl megdolgoztatva a k\u00fcl\u00f6nb\u00f6z\u0151 izomcsoportokat. Ide\u00e1lis azok sz\u00e1m\u00e1ra, akiknek mozgalmas reggel\u00fck van, de szeretn\u00e9nek egy gyors \u00e9s hat\u00e9kony edz\u00e9st v\u00e9gezni.<\/p>\n\n\n\n<p>O <strong>7 perces edz\u00e9s<\/strong> k\u00fcl\u00f6n\u00f6sen hasznos azoknak, akik a <strong>reggeli edz\u00e9s kezd\u0151knek<\/strong>, mivel a gyakorlatok egyszer\u0171ek \u00e9s k\u00f6nnyen k\u00f6vethet\u0151ek, a helyes v\u00e9grehajt\u00e1st bemutat\u00f3 vide\u00f3kkal. Praktikus lehet\u0151s\u00e9g, hogy be\u00e9p\u00edtsd a rutinodba, \u00e9s seg\u00edts fenntartani az energi\u00e1t eg\u00e9sz nap.<\/p>\n\n\n\n<h3 class=\"wp-block-heading\">4. <strong>Napi j\u00f3ga<\/strong><\/h3>\n\n\n\n<p>Ha egy laz\u00e1bb megk\u00f6zel\u00edt\u00e9st szeretne, amely a ny\u00fajt\u00e1sra \u00e9s a l\u00e9gz\u00e9sre \u00f6sszpontos\u00edt, a <strong>Napi j\u00f3ga<\/strong> ez a megfelel\u0151 v\u00e1laszt\u00e1s a nap ind\u00edt\u00e1s\u00e1hoz. Az alkalmaz\u00e1s reggeli j\u00f3gasorozatokat k\u00edn\u00e1l, amelyek seg\u00edtenek finoman fel\u00e9breszteni a testet, valamint el\u0151seg\u00edtik a rugalmass\u00e1got \u00e9s a j\u00f3 k\u00f6z\u00e9rzetet. Az alkalmaz\u00e1s k\u00fcl\u00f6nb\u00f6z\u0151 neh\u00e9zs\u00e9gi szint\u0171 oszt\u00e1lyokkal rendelkezik, \u00edgy nagyszer\u0171 v\u00e1laszt\u00e1s azok sz\u00e1m\u00e1ra, akiket keresnek <strong>ny\u00fajt\u00f3zkodik, amikor fel\u00e9bred<\/strong>.<\/p>\n\n\n\n<p>Amellett, hogy a <strong>egyszer\u0171 gyakorlatok reggel<\/strong>, a <strong>Napi j\u00f3ga<\/strong> Tartalmaz medit\u00e1ci\u00f3s \u00e9s relax\u00e1ci\u00f3s foglalkoz\u00e1sokat is, amelyek ide\u00e1lisak azok sz\u00e1m\u00e1ra, akik tiszta elm\u00e9vel \u00e9s kiegyens\u00falyozott testtel szeretn\u00e9k kezdeni a napot. Ez az alkalmaz\u00e1s nagyszer\u0171 lehet\u0151s\u00e9g a testtart\u00e1s, a l\u00e9gz\u00e9s \u00e9s a rugalmass\u00e1g jav\u00edt\u00e1s\u00e1ra.<\/p>\n\n\n\n<h3 class=\"wp-block-heading\">5. <strong>MyFitnessPal<\/strong><\/h3>\n\n\n\n<p>B\u00e1r a <strong>MyFitnessPal<\/strong> legink\u00e1bb \u00e9telk\u00f6vet\u0151 alkalmaz\u00e1sk\u00e9nt ismert, hasznos eszk\u00f6z lehet azok sz\u00e1m\u00e1ra is, akik most kezdik <strong>reggeli edz\u00e9s rutin<\/strong>. Lehet\u0151v\u00e9 teszi napi edz\u00e9seinek napl\u00f3z\u00e1s\u00e1t, \u00e9s nyomon k\u00f6vetheti el\u0151rehalad\u00e1s\u00e1t az id\u0151 m\u00fal\u00e1s\u00e1val. Ezenk\u00edv\u00fcl az \u00e9trend \u00e9s a reggeli edz\u00e9s kombin\u00e1l\u00e1s\u00e1val m\u00f3dos\u00edthatja \u00e9trendj\u00e9t, hogy eg\u00e9sz nap meg\u0151rizze energi\u00e1j\u00e1t \u00e9s \u00e1ll\u00f3k\u00e9pess\u00e9g\u00e9t.<\/p>\n\n\n\n<p>A <strong>MyFitnessPal<\/strong>, nyomon k\u00f6vetheti a kal\u00f3ria\u00e9get\u00e9st <strong>reggeli gyakorlatok az energi\u00e1\u00e9rt<\/strong>, valamint nyomon k\u00f6veti a t\u00e1panyagbevitelt, biztos\u00edtva, hogy a megfelel\u0151 \u00e9teleket fogyasszuk az edz\u00e9sek kieg\u00e9sz\u00edt\u00e9s\u00e9hez. Ez az alkalmaz\u00e1s ide\u00e1lis azok sz\u00e1m\u00e1ra, akik az eg\u00e9szs\u00e9g \u00e9s a j\u00f3l\u00e9t teljesebb megk\u00f6zel\u00edt\u00e9s\u00e9t keresik.<\/p>\n\n\n\n<h2 class=\"wp-block-heading\">Az edz\u00e9salkalmaz\u00e1sok tov\u00e1bbi funkci\u00f3i<\/h2>\n\n\n\n<p>Amellett, hogy seg\u00edt a rutin kialak\u00edt\u00e1s\u00e1ban <strong>reggeli gyakorlatok az energi\u00e1\u00e9rt<\/strong>, ezek az alkalmaz\u00e1sok tov\u00e1bbi szolg\u00e1ltat\u00e1sokat k\u00edn\u00e1lnak, amelyek nagyon hasznosak lehetnek azok sz\u00e1m\u00e1ra, akik akt\u00edv \u00e9letm\u00f3dot szeretn\u00e9nek fenntartani. Olyan alkalmaz\u00e1sok, mint <strong>Nike Training Club<\/strong> \u00e9s a <strong>Freeletics<\/strong> szem\u00e9lyre szabott edz\u00e9seket k\u00edn\u00e1l a c\u00e9ljainak \u00e9s edzetts\u00e9gi szintj\u00e9nek megfelel\u0151en, biztos\u00edtva ezzel, hogy teljes\u00edteni tudja <strong>legjobb gyakorlatok a nap ind\u00edt\u00e1s\u00e1hoz<\/strong>, az \u00d6n ig\u00e9nyeihez igaz\u00edtva.<\/p>\n\n\n\n<p>M\u00e1sok, mint a <strong>MyFitnessPal<\/strong>, lehet\u0151v\u00e9 teszi, hogy figyelemmel k\u00eds\u00e9rje el\u0151rehalad\u00e1s\u00e1t mind az \u00e9trendben, mind az edz\u00e9sben, fontos adatokat szolg\u00e1ltatva az el\u00e9getett kal\u00f3ri\u00e1kr\u00f3l \u00e9s az elfogyasztott t\u00e1panyagokr\u00f3l. A funkci\u00f3k ezen kombin\u00e1ci\u00f3ja biztos\u00edtja, hogy az \u00d6n <strong>reggeli edz\u00e9s rutin<\/strong> legyen teljes \u00e9s hat\u00e9kony.<\/p>\n\n\n\n<h2 class=\"wp-block-heading\">K\u00f6vetkeztet\u00e9s<\/h2>\n\n\n\n<p>Be\u00e9p\u00edt\u00e9s <strong>egyszer\u0171 gyakorlatok reggel<\/strong> A napi rutinodba val\u00f3 beilleszked\u00e9s kiv\u00e1l\u00f3 m\u00f3dja annak, hogy felt\u00f6ltsd energi\u00e1dat, \u00e9s lelkesen kezdd a napot. Amellett, hogy a <strong>a reggeli torna el\u0151nyei<\/strong>, mint p\u00e9ld\u00e1ul a hangulat \u00e9s a koncentr\u00e1ci\u00f3 jav\u00edt\u00e1sa, ezek az edz\u00e9sek seg\u00edtenek meg\u0151rizni a test eg\u00e9szs\u00e9g\u00e9t \u00e9s az elme egyens\u00faly\u00e1t. Olyan alkalmaz\u00e1sok t\u00e1mogat\u00e1s\u00e1val, mint pl <strong>Nike Training Club<\/strong>, <strong>Freeletics<\/strong> \u00e9s <strong>Napi j\u00f3ga<\/strong>, l\u00e9trehozhat a <strong>reggeli edz\u00e9s rutin<\/strong> szem\u00e9lyre szabott \u00e9s az \u00d6n \u00e9letm\u00f3dj\u00e1hoz igazodva.<\/p>\n\n\n\n<p>Most, hogy ismeri a legjobb alkalmaz\u00e1sokat, amelyek seg\u00edthetnek a fitnesz\u00fatj\u00e1n, ideje elkezdeni gyakorolni \u0151ket. <strong>legjobb gyakorlatok a nap ind\u00edt\u00e1s\u00e1hoz<\/strong> \u00e9s gondoskodjon arr\u00f3l, hogy reggelei produkt\u00edvak \u00e9s energi\u00e1val teljenek. Nem sz\u00e1m\u00edt, ha keres a <strong>reggeli edz\u00e9s kezd\u0151knek<\/strong> vagy ha az intenz\u00edvebb edz\u00e9seket r\u00e9szes\u00edti el\u0151nyben, mindig van egy t\u00f6k\u00e9letes v\u00e1laszt\u00e1s az \u00d6n sz\u00e1m\u00e1ra.<\/p>\n\n\n\n<p><\/p>","protected":false},"excerpt":{"rendered":"<p>Come\u00e7ar o dia com energia \u00e9 fundamental para manter uma rotina produtiva e equilibrada. E uma das melhores maneiras de fazer isso \u00e9 atrav\u00e9s de exerc\u00edcios matinais para energia, que despertam o corpo e a mente, al\u00e9m de ajudar na sa\u00fade f\u00edsica e mental. Muitas pessoas relatam que, ao praticarem exerc\u00edcios simples para fazer de &#8230; <a title=\"10 gyakorlat, amit \u00e9rdemes kora reggel elv\u00e9gezni, \u00e9s helyesen kezdeni a napot\" class=\"read-more\" href=\"https:\/\/moblyus.com\/hu\/10-exercicios-para-fazer-de-manha-cedo-e-comecar-bem-o-dia\/\" aria-label=\"Read more about 10 Exerc\u00edcios para Fazer de Manh\u00e3 Cedo e Come\u00e7ar Bem o Dia\">b\u0151vebben<\/a><\/p>","protected":false},"author":1,"featured_media":451,"comment_status":"open","ping_status":"open","sticky":false,"template":"","format":"standard","meta":{"footnotes":""},"categories":[38],"tags":[],"class_list":["post-450","post","type-post","status-publish","format-standard","has-post-thumbnail","hentry","category-saude"],"_links":{"self":[{"href":"https:\/\/moblyus.com\/hu\/wp-json\/wp\/v2\/posts\/450","targetHints":{"allow":["GET"]}}],"collection":[{"href":"https:\/\/moblyus.com\/hu\/wp-json\/wp\/v2\/posts"}],"about":[{"href":"https:\/\/moblyus.com\/hu\/wp-json\/wp\/v2\/types\/post"}],"author":[{"embeddable":true,"href":"https:\/\/moblyus.com\/hu\/wp-json\/wp\/v2\/users\/1"}],"replies":[{"embeddable":true,"href":"https:\/\/moblyus.com\/hu\/wp-json\/wp\/v2\/comments?post=450"}],"version-history":[{"count":1,"href":"https:\/\/moblyus.com\/hu\/wp-json\/wp\/v2\/posts\/450\/revisions"}],"predecessor-version":[{"id":926,"href":"https:\/\/moblyus.com\/hu\/wp-json\/wp\/v2\/posts\/450\/revisions\/926"}],"wp:featuredmedia":[{"embeddable":true,"href":"https:\/\/moblyus.com\/hu\/wp-json\/wp\/v2\/media\/451"}],"wp:attachment":[{"href":"https:\/\/moblyus.com\/hu\/wp-json\/wp\/v2\/media?parent=450"}],"wp:term":[{"taxonomy":"category","embeddable":true,"href":"https:\/\/moblyus.com\/hu\/wp-json\/wp\/v2\/categories?post=450"},{"taxonomy":"post_tag","embeddable":true,"href":"https:\/\/moblyus.com\/hu\/wp-json\/wp\/v2\/tags?post=450"}],"curies":[{"name":"munkaf\u00fczet","href":"https:\/\/api.w.org\/{rel}","templated":true}]}}